{"id":34097,"date":"2026-04-27T17:35:34","date_gmt":"2026-04-27T15:35:34","guid":{"rendered":"https:\/\/animicaportraits.com\/i-am-wild-le-voyage-de-roberto-dutesco-a-venise-et-sa-rencontre-avec-barbara-pigazzi\/"},"modified":"2026-04-27T22:02:18","modified_gmt":"2026-04-27T20:02:18","slug":"i-am-wild-le-voyage-de-roberto-dutesco-a-venise-et-sa-rencontre-avec-barbara-pigazzi","status":"publish","type":"post","link":"https:\/\/animicaportraits.com\/fr\/i-am-wild-le-voyage-de-roberto-dutesco-a-venise-et-sa-rencontre-avec-barbara-pigazzi\/","title":{"rendered":"I AM WILD : Le voyage de Roberto Dutesco \u00e0 Venise et sa rencontre avec Barbara Pigazzi"},"content":{"rendered":"\n<p>Des sables lointains de Sable Island aux \u00ab\u00a0<a href=\"https:\/\/www.lestanzedellafotografia.it\/en\/exhibitions\/ongoing\/roberto-dutesco-30-years-the-wild-horses-of-sable-island\" target=\"_blank\" rel=\"noopener\">Stanze della Fotografia<\/a>\u00a0\u00bb : l\u2019immersion de notre studio dans l&rsquo;univers de<strong> Dutesco<\/strong> et le pr\u00e9cieux \u00e9change cr\u00e9atif entre deux ma\u00eetres du portrait.<\/p>\n\n<p><strong>L\u2019\u00eele de San Giorgio Maggiore<\/strong>, c\u0153ur battant de la culture photographique v\u00e9nitienne, est devenue le th\u00e9\u00e2tre d&rsquo;une rencontre extraordinaire. En tant que studio, nous avons visit\u00e9 l&rsquo;exposition \u00ab\u00a0<strong>I AM WILD \u2013 Les chevaux sauvages de Sable Island :<\/strong> <em>Survie et Fragilit\u00e9<\/em> dans <em>un monde qui change<\/em>\u00ab\u00a0, une exp\u00e9rience qui s&rsquo;est transform\u00e9e en un r\u00e9cit profond \u00e0 travers l&rsquo;art du portrait.<\/p>\n\n<div style=\"height:20px\" aria-hidden=\"true\" class=\"wp-block-spacer\"><\/div>\n\n<figure class=\"wp-block-gallery has-nested-images columns-3 wpp-masonry-image wp-block-gallery-1 is-layout-flex wp-block-gallery-is-layout-flex\">\n<figure data-wp-context=\"{&quot;imageId&quot;:&quot;69f0cbbbe97e3&quot;}\" data-wp-interactive=\"core\/image\" data-wp-key=\"69f0cbbbe97e3\" class=\"wp-block-image size-full wp-lightbox-container\"><img fetchpriority=\"high\" decoding=\"async\" width=\"1400\" height=\"934\" data-wp-class--hide=\"state.isContentHidden\" data-wp-class--show=\"state.isContentVisible\" data-wp-init=\"callbacks.setButtonStyles\" data-wp-on--click=\"actions.showLightbox\" data-wp-on--load=\"callbacks.setButtonStyles\" data-wp-on-window--resize=\"callbacks.setButtonStyles\" data-id=\"34031\" src=\"https:\/\/animicaportraits.com\/wp-content\/uploads\/2026\/04\/I-AM-WILD-Roberto-Dutesco-in-venice-encounter-with-barbara-pigazzi-photographer-05.jpg\" alt=\"I AM WILD - Roberto Dutesco &#xE0; Venise rencontre avec la photographe Barbara Pigazzi\" class=\"wp-image-34031\" srcset=\"https:\/\/animicaportraits.com\/wp-content\/uploads\/2026\/04\/I-AM-WILD-Roberto-Dutesco-in-venice-encounter-with-barbara-pigazzi-photographer-05.jpg 1400w, https:\/\/animicaportraits.com\/wp-content\/uploads\/2026\/04\/I-AM-WILD-Roberto-Dutesco-in-venice-encounter-with-barbara-pigazzi-photographer-05-300x200.jpg 300w, https:\/\/animicaportraits.com\/wp-content\/uploads\/2026\/04\/I-AM-WILD-Roberto-Dutesco-in-venice-encounter-with-barbara-pigazzi-photographer-05-1024x683.jpg 1024w, https:\/\/animicaportraits.com\/wp-content\/uploads\/2026\/04\/I-AM-WILD-Roberto-Dutesco-in-venice-encounter-with-barbara-pigazzi-photographer-05-768x512.jpg 768w, https:\/\/animicaportraits.com\/wp-content\/uploads\/2026\/04\/I-AM-WILD-Roberto-Dutesco-in-venice-encounter-with-barbara-pigazzi-photographer-05-600x400.jpg 600w\" sizes=\"(max-width: 1400px) 100vw, 1400px\" \/><button\n\t\t\tclass=\"lightbox-trigger\"\n\t\t\ttype=\"button\"\n\t\t\taria-haspopup=\"dialog\"\n\t\t\taria-label=\"Agrandir\"\n\t\t\tdata-wp-init=\"callbacks.initTriggerButton\"\n\t\t\tdata-wp-on--click=\"actions.showLightbox\"\n\t\t\tdata-wp-style--right=\"state.imageButtonRight\"\n\t\t\tdata-wp-style--top=\"state.imageButtonTop\"\n\t\t>\n\t\t\t<svg xmlns=\"http:\/\/www.w3.org\/2000\/svg\" width=\"12\" height=\"12\" fill=\"none\" viewBox=\"0 0 12 12\">\n\t\t\t\t<path fill=\"#fff\" d=\"M2 0a2 2 0 0 0-2 2v2h1.5V2a.5.5 0 0 1 .5-.5h2V0H2Zm2 10.5H2a.5.5 0 0 1-.5-.5V8H0v2a2 2 0 0 0 2 2h2v-1.5ZM8 12v-1.5h2a.5.5 0 0 0 .5-.5V8H12v2a2 2 0 0 1-2 2H8Zm2-12a2 2 0 0 1 2 2v2h-1.5V2a.5.5 0 0 0-.5-.5H8V0h2Z\" \/>\n\t\t\t<\/svg>\n\t\t<\/button><\/figure>\n\n\n\n<figure data-wp-context=\"{&quot;imageId&quot;:&quot;69f0cbbbeaacf&quot;}\" data-wp-interactive=\"core\/image\" data-wp-key=\"69f0cbbbeaacf\" class=\"wp-block-image size-full wp-lightbox-container\"><img decoding=\"async\" width=\"1153\" height=\"1400\" data-wp-class--hide=\"state.isContentHidden\" data-wp-class--show=\"state.isContentVisible\" data-wp-init=\"callbacks.setButtonStyles\" data-wp-on--click=\"actions.showLightbox\" data-wp-on--load=\"callbacks.setButtonStyles\" data-wp-on-window--resize=\"callbacks.setButtonStyles\" data-id=\"34061\" src=\"https:\/\/animicaportraits.com\/wp-content\/uploads\/2026\/04\/I-AM-WILD-Roberto-Dutesco-in-venice-encounter-with-barbara-pigazzi-photographer-15.jpg\" alt=\"I AM WILD - Roberto Dutesco &#xE0; Venise rencontre avec la photographe Barbara Pigazzi\" class=\"wp-image-34061\" srcset=\"https:\/\/animicaportraits.com\/wp-content\/uploads\/2026\/04\/I-AM-WILD-Roberto-Dutesco-in-venice-encounter-with-barbara-pigazzi-photographer-15.jpg 1153w, https:\/\/animicaportraits.com\/wp-content\/uploads\/2026\/04\/I-AM-WILD-Roberto-Dutesco-in-venice-encounter-with-barbara-pigazzi-photographer-15-247x300.jpg 247w, https:\/\/animicaportraits.com\/wp-content\/uploads\/2026\/04\/I-AM-WILD-Roberto-Dutesco-in-venice-encounter-with-barbara-pigazzi-photographer-15-843x1024.jpg 843w, https:\/\/animicaportraits.com\/wp-content\/uploads\/2026\/04\/I-AM-WILD-Roberto-Dutesco-in-venice-encounter-with-barbara-pigazzi-photographer-15-768x933.jpg 768w, https:\/\/animicaportraits.com\/wp-content\/uploads\/2026\/04\/I-AM-WILD-Roberto-Dutesco-in-venice-encounter-with-barbara-pigazzi-photographer-15-300x364.jpg 300w, https:\/\/animicaportraits.com\/wp-content\/uploads\/2026\/04\/I-AM-WILD-Roberto-Dutesco-in-venice-encounter-with-barbara-pigazzi-photographer-15-600x729.jpg 600w\" sizes=\"(max-width: 1153px) 100vw, 1153px\" \/><button\n\t\t\tclass=\"lightbox-trigger\"\n\t\t\ttype=\"button\"\n\t\t\taria-haspopup=\"dialog\"\n\t\t\taria-label=\"Agrandir\"\n\t\t\tdata-wp-init=\"callbacks.initTriggerButton\"\n\t\t\tdata-wp-on--click=\"actions.showLightbox\"\n\t\t\tdata-wp-style--right=\"state.imageButtonRight\"\n\t\t\tdata-wp-style--top=\"state.imageButtonTop\"\n\t\t>\n\t\t\t<svg xmlns=\"http:\/\/www.w3.org\/2000\/svg\" width=\"12\" height=\"12\" fill=\"none\" viewBox=\"0 0 12 12\">\n\t\t\t\t<path fill=\"#fff\" d=\"M2 0a2 2 0 0 0-2 2v2h1.5V2a.5.5 0 0 1 .5-.5h2V0H2Zm2 10.5H2a.5.5 0 0 1-.5-.5V8H0v2a2 2 0 0 0 2 2h2v-1.5ZM8 12v-1.5h2a.5.5 0 0 0 .5-.5V8H12v2a2 2 0 0 1-2 2H8Zm2-12a2 2 0 0 1 2 2v2h-1.5V2a.5.5 0 0 0-.5-.5H8V0h2Z\" \/>\n\t\t\t<\/svg>\n\t\t<\/button><\/figure>\n\n\n\n<figure data-wp-context=\"{&quot;imageId&quot;:&quot;69f0cbbbebe05&quot;}\" data-wp-interactive=\"core\/image\" data-wp-key=\"69f0cbbbebe05\" class=\"wp-block-image size-full wp-lightbox-container\"><img decoding=\"async\" width=\"1400\" height=\"934\" data-wp-class--hide=\"state.isContentHidden\" data-wp-class--show=\"state.isContentVisible\" data-wp-init=\"callbacks.setButtonStyles\" data-wp-on--click=\"actions.showLightbox\" data-wp-on--load=\"callbacks.setButtonStyles\" data-wp-on-window--resize=\"callbacks.setButtonStyles\" data-id=\"34046\" src=\"https:\/\/animicaportraits.com\/wp-content\/uploads\/2026\/04\/I-AM-WILD-Roberto-Dutesco-in-venice-encounter-with-barbara-pigazzi-photographer-10.jpg\" alt=\"I AM WILD - Roberto Dutesco &#xE0; Venise rencontre avec la photographe Barbara Pigazzi\" class=\"wp-image-34046\" srcset=\"https:\/\/animicaportraits.com\/wp-content\/uploads\/2026\/04\/I-AM-WILD-Roberto-Dutesco-in-venice-encounter-with-barbara-pigazzi-photographer-10.jpg 1400w, https:\/\/animicaportraits.com\/wp-content\/uploads\/2026\/04\/I-AM-WILD-Roberto-Dutesco-in-venice-encounter-with-barbara-pigazzi-photographer-10-300x200.jpg 300w, https:\/\/animicaportraits.com\/wp-content\/uploads\/2026\/04\/I-AM-WILD-Roberto-Dutesco-in-venice-encounter-with-barbara-pigazzi-photographer-10-1024x683.jpg 1024w, https:\/\/animicaportraits.com\/wp-content\/uploads\/2026\/04\/I-AM-WILD-Roberto-Dutesco-in-venice-encounter-with-barbara-pigazzi-photographer-10-768x512.jpg 768w, https:\/\/animicaportraits.com\/wp-content\/uploads\/2026\/04\/I-AM-WILD-Roberto-Dutesco-in-venice-encounter-with-barbara-pigazzi-photographer-10-600x400.jpg 600w\" sizes=\"(max-width: 1400px) 100vw, 1400px\" \/><button\n\t\t\tclass=\"lightbox-trigger\"\n\t\t\ttype=\"button\"\n\t\t\taria-haspopup=\"dialog\"\n\t\t\taria-label=\"Agrandir\"\n\t\t\tdata-wp-init=\"callbacks.initTriggerButton\"\n\t\t\tdata-wp-on--click=\"actions.showLightbox\"\n\t\t\tdata-wp-style--right=\"state.imageButtonRight\"\n\t\t\tdata-wp-style--top=\"state.imageButtonTop\"\n\t\t>\n\t\t\t<svg xmlns=\"http:\/\/www.w3.org\/2000\/svg\" width=\"12\" height=\"12\" fill=\"none\" viewBox=\"0 0 12 12\">\n\t\t\t\t<path fill=\"#fff\" d=\"M2 0a2 2 0 0 0-2 2v2h1.5V2a.5.5 0 0 1 .5-.5h2V0H2Zm2 10.5H2a.5.5 0 0 1-.5-.5V8H0v2a2 2 0 0 0 2 2h2v-1.5ZM8 12v-1.5h2a.5.5 0 0 0 .5-.5V8H12v2a2 2 0 0 1-2 2H8Zm2-12a2 2 0 0 1 2 2v2h-1.5V2a.5.5 0 0 0-.5-.5H8V0h2Z\" \/>\n\t\t\t<\/svg>\n\t\t<\/button><\/figure>\n\n\n\n<figure data-wp-context=\"{&quot;imageId&quot;:&quot;69f0cbbbed136&quot;}\" data-wp-interactive=\"core\/image\" data-wp-key=\"69f0cbbbed136\" class=\"wp-block-image size-full wp-lightbox-container\"><img loading=\"lazy\" decoding=\"async\" width=\"934\" height=\"1400\" data-wp-class--hide=\"state.isContentHidden\" data-wp-class--show=\"state.isContentVisible\" data-wp-init=\"callbacks.setButtonStyles\" data-wp-on--click=\"actions.showLightbox\" data-wp-on--load=\"callbacks.setButtonStyles\" data-wp-on-window--resize=\"callbacks.setButtonStyles\" data-id=\"34067\" src=\"https:\/\/animicaportraits.com\/wp-content\/uploads\/2026\/04\/I-AM-WILD-Roberto-Dutesco-in-venice-encounter-with-barbara-pigazzi-photographer-17.jpg\" alt=\"I AM WILD - Roberto Dutesco &#xE0; Venise rencontre avec la photographe Barbara Pigazzi\" class=\"wp-image-34067\" srcset=\"https:\/\/animicaportraits.com\/wp-content\/uploads\/2026\/04\/I-AM-WILD-Roberto-Dutesco-in-venice-encounter-with-barbara-pigazzi-photographer-17.jpg 934w, https:\/\/animicaportraits.com\/wp-content\/uploads\/2026\/04\/I-AM-WILD-Roberto-Dutesco-in-venice-encounter-with-barbara-pigazzi-photographer-17-200x300.jpg 200w, https:\/\/animicaportraits.com\/wp-content\/uploads\/2026\/04\/I-AM-WILD-Roberto-Dutesco-in-venice-encounter-with-barbara-pigazzi-photographer-17-683x1024.jpg 683w, https:\/\/animicaportraits.com\/wp-content\/uploads\/2026\/04\/I-AM-WILD-Roberto-Dutesco-in-venice-encounter-with-barbara-pigazzi-photographer-17-768x1151.jpg 768w, https:\/\/animicaportraits.com\/wp-content\/uploads\/2026\/04\/I-AM-WILD-Roberto-Dutesco-in-venice-encounter-with-barbara-pigazzi-photographer-17-300x450.jpg 300w, https:\/\/animicaportraits.com\/wp-content\/uploads\/2026\/04\/I-AM-WILD-Roberto-Dutesco-in-venice-encounter-with-barbara-pigazzi-photographer-17-600x899.jpg 600w\" sizes=\"(max-width: 934px) 100vw, 934px\" \/><button\n\t\t\tclass=\"lightbox-trigger\"\n\t\t\ttype=\"button\"\n\t\t\taria-haspopup=\"dialog\"\n\t\t\taria-label=\"Agrandir\"\n\t\t\tdata-wp-init=\"callbacks.initTriggerButton\"\n\t\t\tdata-wp-on--click=\"actions.showLightbox\"\n\t\t\tdata-wp-style--right=\"state.imageButtonRight\"\n\t\t\tdata-wp-style--top=\"state.imageButtonTop\"\n\t\t>\n\t\t\t<svg xmlns=\"http:\/\/www.w3.org\/2000\/svg\" width=\"12\" height=\"12\" fill=\"none\" viewBox=\"0 0 12 12\">\n\t\t\t\t<path fill=\"#fff\" d=\"M2 0a2 2 0 0 0-2 2v2h1.5V2a.5.5 0 0 1 .5-.5h2V0H2Zm2 10.5H2a.5.5 0 0 1-.5-.5V8H0v2a2 2 0 0 0 2 2h2v-1.5ZM8 12v-1.5h2a.5.5 0 0 0 .5-.5V8H12v2a2 2 0 0 1-2 2H8Zm2-12a2 2 0 0 1 2 2v2h-1.5V2a.5.5 0 0 0-.5-.5H8V0h2Z\" \/>\n\t\t\t<\/svg>\n\t\t<\/button><\/figure>\n\n\n\n<figure data-wp-context=\"{&quot;imageId&quot;:&quot;69f0cbbbee4d5&quot;}\" data-wp-interactive=\"core\/image\" data-wp-key=\"69f0cbbbee4d5\" class=\"wp-block-image size-full wp-lightbox-container\"><img loading=\"lazy\" decoding=\"async\" width=\"1400\" height=\"934\" data-wp-class--hide=\"state.isContentHidden\" data-wp-class--show=\"state.isContentVisible\" data-wp-init=\"callbacks.setButtonStyles\" data-wp-on--click=\"actions.showLightbox\" data-wp-on--load=\"callbacks.setButtonStyles\" data-wp-on-window--resize=\"callbacks.setButtonStyles\" data-id=\"34064\" src=\"https:\/\/animicaportraits.com\/wp-content\/uploads\/2026\/04\/I-AM-WILD-Roberto-Dutesco-in-venice-encounter-with-barbara-pigazzi-photographer-16.jpg\" alt=\"I AM WILD - Roberto Dutesco &#xE0; Venise rencontre avec la photographe Barbara Pigazzi\" class=\"wp-image-34064\" srcset=\"https:\/\/animicaportraits.com\/wp-content\/uploads\/2026\/04\/I-AM-WILD-Roberto-Dutesco-in-venice-encounter-with-barbara-pigazzi-photographer-16.jpg 1400w, https:\/\/animicaportraits.com\/wp-content\/uploads\/2026\/04\/I-AM-WILD-Roberto-Dutesco-in-venice-encounter-with-barbara-pigazzi-photographer-16-300x200.jpg 300w, https:\/\/animicaportraits.com\/wp-content\/uploads\/2026\/04\/I-AM-WILD-Roberto-Dutesco-in-venice-encounter-with-barbara-pigazzi-photographer-16-1024x683.jpg 1024w, https:\/\/animicaportraits.com\/wp-content\/uploads\/2026\/04\/I-AM-WILD-Roberto-Dutesco-in-venice-encounter-with-barbara-pigazzi-photographer-16-768x512.jpg 768w, https:\/\/animicaportraits.com\/wp-content\/uploads\/2026\/04\/I-AM-WILD-Roberto-Dutesco-in-venice-encounter-with-barbara-pigazzi-photographer-16-600x400.jpg 600w\" sizes=\"(max-width: 1400px) 100vw, 1400px\" \/><button\n\t\t\tclass=\"lightbox-trigger\"\n\t\t\ttype=\"button\"\n\t\t\taria-haspopup=\"dialog\"\n\t\t\taria-label=\"Agrandir\"\n\t\t\tdata-wp-init=\"callbacks.initTriggerButton\"\n\t\t\tdata-wp-on--click=\"actions.showLightbox\"\n\t\t\tdata-wp-style--right=\"state.imageButtonRight\"\n\t\t\tdata-wp-style--top=\"state.imageButtonTop\"\n\t\t>\n\t\t\t<svg xmlns=\"http:\/\/www.w3.org\/2000\/svg\" width=\"12\" height=\"12\" fill=\"none\" viewBox=\"0 0 12 12\">\n\t\t\t\t<path fill=\"#fff\" d=\"M2 0a2 2 0 0 0-2 2v2h1.5V2a.5.5 0 0 1 .5-.5h2V0H2Zm2 10.5H2a.5.5 0 0 1-.5-.5V8H0v2a2 2 0 0 0 2 2h2v-1.5ZM8 12v-1.5h2a.5.5 0 0 0 .5-.5V8H12v2a2 2 0 0 1-2 2H8Zm2-12a2 2 0 0 1 2 2v2h-1.5V2a.5.5 0 0 0-.5-.5H8V0h2Z\" \/>\n\t\t\t<\/svg>\n\t\t<\/button><\/figure>\n\n\n\n<figure data-wp-context=\"{&quot;imageId&quot;:&quot;69f0cbbbef7cc&quot;}\" data-wp-interactive=\"core\/image\" data-wp-key=\"69f0cbbbef7cc\" class=\"wp-block-image size-full wp-lightbox-container\"><img loading=\"lazy\" decoding=\"async\" width=\"912\" height=\"1400\" data-wp-class--hide=\"state.isContentHidden\" data-wp-class--show=\"state.isContentVisible\" data-wp-init=\"callbacks.setButtonStyles\" data-wp-on--click=\"actions.showLightbox\" data-wp-on--load=\"callbacks.setButtonStyles\" data-wp-on-window--resize=\"callbacks.setButtonStyles\" data-id=\"34043\" src=\"https:\/\/animicaportraits.com\/wp-content\/uploads\/2026\/04\/I-AM-WILD-Roberto-Dutesco-in-venice-encounter-with-barbara-pigazzi-photographer-09.jpg\" alt=\"I AM WILD - Roberto Dutesco &#xE0; Venise rencontre avec la photographe Barbara Pigazzi\" class=\"wp-image-34043\" srcset=\"https:\/\/animicaportraits.com\/wp-content\/uploads\/2026\/04\/I-AM-WILD-Roberto-Dutesco-in-venice-encounter-with-barbara-pigazzi-photographer-09.jpg 912w, https:\/\/animicaportraits.com\/wp-content\/uploads\/2026\/04\/I-AM-WILD-Roberto-Dutesco-in-venice-encounter-with-barbara-pigazzi-photographer-09-195x300.jpg 195w, https:\/\/animicaportraits.com\/wp-content\/uploads\/2026\/04\/I-AM-WILD-Roberto-Dutesco-in-venice-encounter-with-barbara-pigazzi-photographer-09-667x1024.jpg 667w, https:\/\/animicaportraits.com\/wp-content\/uploads\/2026\/04\/I-AM-WILD-Roberto-Dutesco-in-venice-encounter-with-barbara-pigazzi-photographer-09-768x1179.jpg 768w, https:\/\/animicaportraits.com\/wp-content\/uploads\/2026\/04\/I-AM-WILD-Roberto-Dutesco-in-venice-encounter-with-barbara-pigazzi-photographer-09-300x461.jpg 300w, https:\/\/animicaportraits.com\/wp-content\/uploads\/2026\/04\/I-AM-WILD-Roberto-Dutesco-in-venice-encounter-with-barbara-pigazzi-photographer-09-600x921.jpg 600w\" sizes=\"(max-width: 912px) 100vw, 912px\" \/><button\n\t\t\tclass=\"lightbox-trigger\"\n\t\t\ttype=\"button\"\n\t\t\taria-haspopup=\"dialog\"\n\t\t\taria-label=\"Agrandir\"\n\t\t\tdata-wp-init=\"callbacks.initTriggerButton\"\n\t\t\tdata-wp-on--click=\"actions.showLightbox\"\n\t\t\tdata-wp-style--right=\"state.imageButtonRight\"\n\t\t\tdata-wp-style--top=\"state.imageButtonTop\"\n\t\t>\n\t\t\t<svg xmlns=\"http:\/\/www.w3.org\/2000\/svg\" width=\"12\" height=\"12\" fill=\"none\" viewBox=\"0 0 12 12\">\n\t\t\t\t<path fill=\"#fff\" d=\"M2 0a2 2 0 0 0-2 2v2h1.5V2a.5.5 0 0 1 .5-.5h2V0H2Zm2 10.5H2a.5.5 0 0 1-.5-.5V8H0v2a2 2 0 0 0 2 2h2v-1.5ZM8 12v-1.5h2a.5.5 0 0 0 .5-.5V8H12v2a2 2 0 0 1-2 2H8Zm2-12a2 2 0 0 1 2 2v2h-1.5V2a.5.5 0 0 0-.5-.5H8V0h2Z\" \/>\n\t\t\t<\/svg>\n\t\t<\/button><\/figure>\n\n\n\n<figure data-wp-context=\"{&quot;imageId&quot;:&quot;69f0cbbbf0a7f&quot;}\" data-wp-interactive=\"core\/image\" data-wp-key=\"69f0cbbbf0a7f\" class=\"wp-block-image size-full wp-lightbox-container\"><img loading=\"lazy\" decoding=\"async\" width=\"1091\" height=\"1400\" data-wp-class--hide=\"state.isContentHidden\" data-wp-class--show=\"state.isContentVisible\" data-wp-init=\"callbacks.setButtonStyles\" data-wp-on--click=\"actions.showLightbox\" data-wp-on--load=\"callbacks.setButtonStyles\" data-wp-on-window--resize=\"callbacks.setButtonStyles\" data-id=\"34058\" src=\"https:\/\/animicaportraits.com\/wp-content\/uploads\/2026\/04\/I-AM-WILD-Roberto-Dutesco-in-venice-encounter-with-barbara-pigazzi-photographer-14.jpg\" alt=\"I AM WILD - Roberto Dutesco &#xE0; Venise rencontre avec la photographe Barbara Pigazzi\" class=\"wp-image-34058\" srcset=\"https:\/\/animicaportraits.com\/wp-content\/uploads\/2026\/04\/I-AM-WILD-Roberto-Dutesco-in-venice-encounter-with-barbara-pigazzi-photographer-14.jpg 1091w, https:\/\/animicaportraits.com\/wp-content\/uploads\/2026\/04\/I-AM-WILD-Roberto-Dutesco-in-venice-encounter-with-barbara-pigazzi-photographer-14-234x300.jpg 234w, https:\/\/animicaportraits.com\/wp-content\/uploads\/2026\/04\/I-AM-WILD-Roberto-Dutesco-in-venice-encounter-with-barbara-pigazzi-photographer-14-798x1024.jpg 798w, https:\/\/animicaportraits.com\/wp-content\/uploads\/2026\/04\/I-AM-WILD-Roberto-Dutesco-in-venice-encounter-with-barbara-pigazzi-photographer-14-768x986.jpg 768w, https:\/\/animicaportraits.com\/wp-content\/uploads\/2026\/04\/I-AM-WILD-Roberto-Dutesco-in-venice-encounter-with-barbara-pigazzi-photographer-14-300x385.jpg 300w, https:\/\/animicaportraits.com\/wp-content\/uploads\/2026\/04\/I-AM-WILD-Roberto-Dutesco-in-venice-encounter-with-barbara-pigazzi-photographer-14-600x770.jpg 600w\" sizes=\"(max-width: 1091px) 100vw, 1091px\" \/><button\n\t\t\tclass=\"lightbox-trigger\"\n\t\t\ttype=\"button\"\n\t\t\taria-haspopup=\"dialog\"\n\t\t\taria-label=\"Agrandir\"\n\t\t\tdata-wp-init=\"callbacks.initTriggerButton\"\n\t\t\tdata-wp-on--click=\"actions.showLightbox\"\n\t\t\tdata-wp-style--right=\"state.imageButtonRight\"\n\t\t\tdata-wp-style--top=\"state.imageButtonTop\"\n\t\t>\n\t\t\t<svg xmlns=\"http:\/\/www.w3.org\/2000\/svg\" width=\"12\" height=\"12\" fill=\"none\" viewBox=\"0 0 12 12\">\n\t\t\t\t<path fill=\"#fff\" d=\"M2 0a2 2 0 0 0-2 2v2h1.5V2a.5.5 0 0 1 .5-.5h2V0H2Zm2 10.5H2a.5.5 0 0 1-.5-.5V8H0v2a2 2 0 0 0 2 2h2v-1.5ZM8 12v-1.5h2a.5.5 0 0 0 .5-.5V8H12v2a2 2 0 0 1-2 2H8Zm2-12a2 2 0 0 1 2 2v2h-1.5V2a.5.5 0 0 0-.5-.5H8V0h2Z\" \/>\n\t\t\t<\/svg>\n\t\t<\/button><\/figure>\n<\/figure>\n\n<div style=\"height:40px\" aria-hidden=\"true\" class=\"wp-block-spacer\"><\/div>\n\n<h3 class=\"wp-block-heading\"><strong>L&rsquo;Exposition : Une \u0153uvre cin\u00e9matographique entre R\u00e9silience et Avenir<\/strong><\/h3>\n\n<p>L&rsquo;exposition, promue par la <strong>Fondation IAMWILD<\/strong> et organis\u00e9e par <a href=\"https:\/\/www.marsilioeditori.it\/lista-autori\/scheda-autore\/2795\/denis-curti\" target=\"_blank\" rel=\"noopener\">Denis Curti<\/a>, retrace<strong> plus de trente ans de carri\u00e8re du photographe et cin\u00e9aste canadien Roberto Dutesco.<\/strong> Ouverte jusqu&rsquo;au 5 juillet 2026 aux \u00ab\u00a0<strong>Stanze della Fotografia<\/strong>\u00a0\u00bb (<em>Fondation Cini<\/em>), l&rsquo;exposition arrive dans la Lagune lors des mois d&rsquo;ouverture de la Biennale de Venise 2026, se chargeant d&rsquo;une signification symbolique unique. Le parcours est con\u00e7u comme une narration cin\u00e9matographique se d\u00e9ployant \u00e0 travers trois salles :<\/p>\n\n<ul class=\"wp-block-list\">\n<li><b data-path-to-node=\"25,0,0\" data-index-in-node=\"0\">ORIGINE ET FRAGILIT\u00c9 :<\/b> Une introduction \u00e0 Sable Island, une sc\u00e8ne lointaine et improbable pour la vie.<\/li>\n\n\n\n<li><b data-path-to-node=\"25,1,0\" data-index-in-node=\"0\">ADAPTATION ET SURVIE :<\/b> Comment la beaut\u00e9 et la dignit\u00e9 parviennent \u00e0 s&rsquo;\u00e9panouir dans un environnement hostile et pauvre en ressources.<\/li>\n\n\n\n<li><b data-path-to-node=\"25,2,0\" data-index-in-node=\"0\">R\u00c9SILIENCE ET AVENIR :<\/b> Un espace de r\u00e9flexion qui relie la force de la nature \u00e0 des questions humaines et civiles plus larges.<\/li>\n<\/ul>\n\n<div style=\"height:40px\" aria-hidden=\"true\" class=\"wp-block-spacer\"><\/div>\n\n<h3 class=\"wp-block-heading\"><strong>La Rencontre : La connexion humaine \u00e0 travers le Portrait<\/strong><\/h3>\n\n<p>Lors de notre visite, nous avons eu le privil\u00e8ge d&rsquo;assister et de participer \u00e0 <strong>une rencontre \u00e9lectrisante entre Roberto Dutesco et Barbara Pigazzi.<\/strong> Les <em>deux photographes<\/em> ont partag\u00e9 leurs histoires \u00e0 travers une connexion humaine imm\u00e9diate, cristallis\u00e9e dans la forme d&rsquo;art la plus authentique pour l&rsquo;un comme pour l&rsquo;autre :<strong> le portrait photographique.<\/strong> Dans un moment de grande g\u00e9n\u00e9rosit\u00e9 professionnelle, <strong>les deux auteurs se sont photographi\u00e9s mutuellement, r\u00e9alisant un portrait pr\u00e9cieux et unique.<\/strong> L&rsquo;objectif n&rsquo;\u00e9tait pas seulement de capturer l&rsquo;apparence ext\u00e9rieure, mais l&rsquo;identit\u00e9 et l&rsquo;authenticit\u00e9 du sujet.<\/p>\n\n<div style=\"height:20px\" aria-hidden=\"true\" class=\"wp-block-spacer\"><\/div>\n\n<figure class=\"wp-block-gallery has-nested-images columns-default wpp-masonry-image wp-block-gallery-2 is-layout-flex wp-block-gallery-is-layout-flex\">\n<figure data-wp-context=\"{&quot;imageId&quot;:&quot;69f0cbbbf3f79&quot;}\" data-wp-interactive=\"core\/image\" data-wp-key=\"69f0cbbbf3f79\" class=\"wp-block-image size-large wp-lightbox-container\"><img loading=\"lazy\" decoding=\"async\" width=\"1024\" height=\"683\" data-wp-class--hide=\"state.isContentHidden\" data-wp-class--show=\"state.isContentVisible\" data-wp-init=\"callbacks.setButtonStyles\" data-wp-on--click=\"actions.showLightbox\" data-wp-on--load=\"callbacks.setButtonStyles\" data-wp-on-window--resize=\"callbacks.setButtonStyles\" data-id=\"34037\" src=\"https:\/\/animicaportraits.com\/wp-content\/uploads\/2026\/04\/I-AM-WILD-Roberto-Dutesco-in-venice-encounter-with-barbara-pigazzi-photographer-07-1024x683.jpg\" alt=\"I AM WILD - Roberto Dutesco &#xE0; Venise rencontre avec la photographe Barbara Pigazzi\" class=\"wp-image-34037\" srcset=\"https:\/\/animicaportraits.com\/wp-content\/uploads\/2026\/04\/I-AM-WILD-Roberto-Dutesco-in-venice-encounter-with-barbara-pigazzi-photographer-07-1024x683.jpg 1024w, https:\/\/animicaportraits.com\/wp-content\/uploads\/2026\/04\/I-AM-WILD-Roberto-Dutesco-in-venice-encounter-with-barbara-pigazzi-photographer-07-300x200.jpg 300w, https:\/\/animicaportraits.com\/wp-content\/uploads\/2026\/04\/I-AM-WILD-Roberto-Dutesco-in-venice-encounter-with-barbara-pigazzi-photographer-07-768x512.jpg 768w, https:\/\/animicaportraits.com\/wp-content\/uploads\/2026\/04\/I-AM-WILD-Roberto-Dutesco-in-venice-encounter-with-barbara-pigazzi-photographer-07-600x400.jpg 600w, https:\/\/animicaportraits.com\/wp-content\/uploads\/2026\/04\/I-AM-WILD-Roberto-Dutesco-in-venice-encounter-with-barbara-pigazzi-photographer-07.jpg 1400w\" sizes=\"(max-width: 1024px) 100vw, 1024px\" \/><button\n\t\t\tclass=\"lightbox-trigger\"\n\t\t\ttype=\"button\"\n\t\t\taria-haspopup=\"dialog\"\n\t\t\taria-label=\"Agrandir\"\n\t\t\tdata-wp-init=\"callbacks.initTriggerButton\"\n\t\t\tdata-wp-on--click=\"actions.showLightbox\"\n\t\t\tdata-wp-style--right=\"state.imageButtonRight\"\n\t\t\tdata-wp-style--top=\"state.imageButtonTop\"\n\t\t>\n\t\t\t<svg xmlns=\"http:\/\/www.w3.org\/2000\/svg\" width=\"12\" height=\"12\" fill=\"none\" viewBox=\"0 0 12 12\">\n\t\t\t\t<path fill=\"#fff\" d=\"M2 0a2 2 0 0 0-2 2v2h1.5V2a.5.5 0 0 1 .5-.5h2V0H2Zm2 10.5H2a.5.5 0 0 1-.5-.5V8H0v2a2 2 0 0 0 2 2h2v-1.5ZM8 12v-1.5h2a.5.5 0 0 0 .5-.5V8H12v2a2 2 0 0 1-2 2H8Zm2-12a2 2 0 0 1 2 2v2h-1.5V2a.5.5 0 0 0-.5-.5H8V0h2Z\" \/>\n\t\t\t<\/svg>\n\t\t<\/button><\/figure>\n\n\n\n<figure data-wp-context=\"{&quot;imageId&quot;:&quot;69f0cbbc011c4&quot;}\" data-wp-interactive=\"core\/image\" data-wp-key=\"69f0cbbc011c4\" class=\"wp-block-image size-large wp-lightbox-container\"><img loading=\"lazy\" decoding=\"async\" width=\"1024\" height=\"683\" data-wp-class--hide=\"state.isContentHidden\" data-wp-class--show=\"state.isContentVisible\" data-wp-init=\"callbacks.setButtonStyles\" data-wp-on--click=\"actions.showLightbox\" data-wp-on--load=\"callbacks.setButtonStyles\" data-wp-on-window--resize=\"callbacks.setButtonStyles\" data-id=\"34034\" src=\"https:\/\/animicaportraits.com\/wp-content\/uploads\/2026\/04\/I-AM-WILD-Roberto-Dutesco-in-venice-encounter-with-barbara-pigazzi-photographer-06-1024x683.jpg\" alt=\"I AM WILD - Roberto Dutesco &#xE0; Venise rencontre avec la photographe Barbara Pigazzi\" class=\"wp-image-34034\" srcset=\"https:\/\/animicaportraits.com\/wp-content\/uploads\/2026\/04\/I-AM-WILD-Roberto-Dutesco-in-venice-encounter-with-barbara-pigazzi-photographer-06-1024x683.jpg 1024w, https:\/\/animicaportraits.com\/wp-content\/uploads\/2026\/04\/I-AM-WILD-Roberto-Dutesco-in-venice-encounter-with-barbara-pigazzi-photographer-06-300x200.jpg 300w, https:\/\/animicaportraits.com\/wp-content\/uploads\/2026\/04\/I-AM-WILD-Roberto-Dutesco-in-venice-encounter-with-barbara-pigazzi-photographer-06-768x512.jpg 768w, https:\/\/animicaportraits.com\/wp-content\/uploads\/2026\/04\/I-AM-WILD-Roberto-Dutesco-in-venice-encounter-with-barbara-pigazzi-photographer-06-600x400.jpg 600w, https:\/\/animicaportraits.com\/wp-content\/uploads\/2026\/04\/I-AM-WILD-Roberto-Dutesco-in-venice-encounter-with-barbara-pigazzi-photographer-06.jpg 1400w\" sizes=\"(max-width: 1024px) 100vw, 1024px\" \/><button\n\t\t\tclass=\"lightbox-trigger\"\n\t\t\ttype=\"button\"\n\t\t\taria-haspopup=\"dialog\"\n\t\t\taria-label=\"Agrandir\"\n\t\t\tdata-wp-init=\"callbacks.initTriggerButton\"\n\t\t\tdata-wp-on--click=\"actions.showLightbox\"\n\t\t\tdata-wp-style--right=\"state.imageButtonRight\"\n\t\t\tdata-wp-style--top=\"state.imageButtonTop\"\n\t\t>\n\t\t\t<svg xmlns=\"http:\/\/www.w3.org\/2000\/svg\" width=\"12\" height=\"12\" fill=\"none\" viewBox=\"0 0 12 12\">\n\t\t\t\t<path fill=\"#fff\" d=\"M2 0a2 2 0 0 0-2 2v2h1.5V2a.5.5 0 0 1 .5-.5h2V0H2Zm2 10.5H2a.5.5 0 0 1-.5-.5V8H0v2a2 2 0 0 0 2 2h2v-1.5ZM8 12v-1.5h2a.5.5 0 0 0 .5-.5V8H12v2a2 2 0 0 1-2 2H8Zm2-12a2 2 0 0 1 2 2v2h-1.5V2a.5.5 0 0 0-.5-.5H8V0h2Z\" \/>\n\t\t\t<\/svg>\n\t\t<\/button><\/figure>\n\n\n\n<figure data-wp-context=\"{&quot;imageId&quot;:&quot;69f0cbbc026fe&quot;}\" data-wp-interactive=\"core\/image\" data-wp-key=\"69f0cbbc026fe\" class=\"wp-block-image size-large wp-lightbox-container\"><img loading=\"lazy\" decoding=\"async\" width=\"1024\" height=\"683\" data-wp-class--hide=\"state.isContentHidden\" data-wp-class--show=\"state.isContentVisible\" data-wp-init=\"callbacks.setButtonStyles\" data-wp-on--click=\"actions.showLightbox\" data-wp-on--load=\"callbacks.setButtonStyles\" data-wp-on-window--resize=\"callbacks.setButtonStyles\" data-id=\"34028\" src=\"https:\/\/animicaportraits.com\/wp-content\/uploads\/2026\/04\/I-AM-WILD-Roberto-Dutesco-in-venice-encounter-with-barbara-pigazzi-photographer-04-1024x683.jpg\" alt=\"I AM WILD - Roberto Dutesco &#xE0; Venise rencontre avec la photographe Barbara Pigazzi\" class=\"wp-image-34028\" srcset=\"https:\/\/animicaportraits.com\/wp-content\/uploads\/2026\/04\/I-AM-WILD-Roberto-Dutesco-in-venice-encounter-with-barbara-pigazzi-photographer-04-1024x683.jpg 1024w, https:\/\/animicaportraits.com\/wp-content\/uploads\/2026\/04\/I-AM-WILD-Roberto-Dutesco-in-venice-encounter-with-barbara-pigazzi-photographer-04-300x200.jpg 300w, https:\/\/animicaportraits.com\/wp-content\/uploads\/2026\/04\/I-AM-WILD-Roberto-Dutesco-in-venice-encounter-with-barbara-pigazzi-photographer-04-768x512.jpg 768w, https:\/\/animicaportraits.com\/wp-content\/uploads\/2026\/04\/I-AM-WILD-Roberto-Dutesco-in-venice-encounter-with-barbara-pigazzi-photographer-04-600x400.jpg 600w, https:\/\/animicaportraits.com\/wp-content\/uploads\/2026\/04\/I-AM-WILD-Roberto-Dutesco-in-venice-encounter-with-barbara-pigazzi-photographer-04.jpg 1400w\" sizes=\"(max-width: 1024px) 100vw, 1024px\" \/><button\n\t\t\tclass=\"lightbox-trigger\"\n\t\t\ttype=\"button\"\n\t\t\taria-haspopup=\"dialog\"\n\t\t\taria-label=\"Agrandir\"\n\t\t\tdata-wp-init=\"callbacks.initTriggerButton\"\n\t\t\tdata-wp-on--click=\"actions.showLightbox\"\n\t\t\tdata-wp-style--right=\"state.imageButtonRight\"\n\t\t\tdata-wp-style--top=\"state.imageButtonTop\"\n\t\t>\n\t\t\t<svg xmlns=\"http:\/\/www.w3.org\/2000\/svg\" width=\"12\" height=\"12\" fill=\"none\" viewBox=\"0 0 12 12\">\n\t\t\t\t<path fill=\"#fff\" d=\"M2 0a2 2 0 0 0-2 2v2h1.5V2a.5.5 0 0 1 .5-.5h2V0H2Zm2 10.5H2a.5.5 0 0 1-.5-.5V8H0v2a2 2 0 0 0 2 2h2v-1.5ZM8 12v-1.5h2a.5.5 0 0 0 .5-.5V8H12v2a2 2 0 0 1-2 2H8Zm2-12a2 2 0 0 1 2 2v2h-1.5V2a.5.5 0 0 0-.5-.5H8V0h2Z\" \/>\n\t\t\t<\/svg>\n\t\t<\/button><\/figure>\n\n\n\n<figure data-wp-context=\"{&quot;imageId&quot;:&quot;69f0cbbc03cf2&quot;}\" data-wp-interactive=\"core\/image\" data-wp-key=\"69f0cbbc03cf2\" class=\"wp-block-image size-large wp-lightbox-container\"><img loading=\"lazy\" decoding=\"async\" width=\"1024\" height=\"683\" data-wp-class--hide=\"state.isContentHidden\" data-wp-class--show=\"state.isContentVisible\" data-wp-init=\"callbacks.setButtonStyles\" data-wp-on--click=\"actions.showLightbox\" data-wp-on--load=\"callbacks.setButtonStyles\" data-wp-on-window--resize=\"callbacks.setButtonStyles\" data-id=\"34025\" src=\"https:\/\/animicaportraits.com\/wp-content\/uploads\/2026\/04\/I-AM-WILD-Roberto-Dutesco-in-venice-encounter-with-barbara-pigazzi-photographer-03-1024x683.jpg\" alt=\"I AM WILD - Roberto Dutesco &#xE0; Venise rencontre avec la photographe Barbara Pigazzi\" class=\"wp-image-34025\" srcset=\"https:\/\/animicaportraits.com\/wp-content\/uploads\/2026\/04\/I-AM-WILD-Roberto-Dutesco-in-venice-encounter-with-barbara-pigazzi-photographer-03-1024x683.jpg 1024w, https:\/\/animicaportraits.com\/wp-content\/uploads\/2026\/04\/I-AM-WILD-Roberto-Dutesco-in-venice-encounter-with-barbara-pigazzi-photographer-03-300x200.jpg 300w, https:\/\/animicaportraits.com\/wp-content\/uploads\/2026\/04\/I-AM-WILD-Roberto-Dutesco-in-venice-encounter-with-barbara-pigazzi-photographer-03-768x512.jpg 768w, https:\/\/animicaportraits.com\/wp-content\/uploads\/2026\/04\/I-AM-WILD-Roberto-Dutesco-in-venice-encounter-with-barbara-pigazzi-photographer-03-600x400.jpg 600w, https:\/\/animicaportraits.com\/wp-content\/uploads\/2026\/04\/I-AM-WILD-Roberto-Dutesco-in-venice-encounter-with-barbara-pigazzi-photographer-03.jpg 1400w\" sizes=\"(max-width: 1024px) 100vw, 1024px\" \/><button\n\t\t\tclass=\"lightbox-trigger\"\n\t\t\ttype=\"button\"\n\t\t\taria-haspopup=\"dialog\"\n\t\t\taria-label=\"Agrandir\"\n\t\t\tdata-wp-init=\"callbacks.initTriggerButton\"\n\t\t\tdata-wp-on--click=\"actions.showLightbox\"\n\t\t\tdata-wp-style--right=\"state.imageButtonRight\"\n\t\t\tdata-wp-style--top=\"state.imageButtonTop\"\n\t\t>\n\t\t\t<svg xmlns=\"http:\/\/www.w3.org\/2000\/svg\" width=\"12\" height=\"12\" fill=\"none\" viewBox=\"0 0 12 12\">\n\t\t\t\t<path fill=\"#fff\" d=\"M2 0a2 2 0 0 0-2 2v2h1.5V2a.5.5 0 0 1 .5-.5h2V0H2Zm2 10.5H2a.5.5 0 0 1-.5-.5V8H0v2a2 2 0 0 0 2 2h2v-1.5ZM8 12v-1.5h2a.5.5 0 0 0 .5-.5V8H12v2a2 2 0 0 1-2 2H8Zm2-12a2 2 0 0 1 2 2v2h-1.5V2a.5.5 0 0 0-.5-.5H8V0h2Z\" \/>\n\t\t\t<\/svg>\n\t\t<\/button><\/figure>\n\n\n\n<figure data-wp-context=\"{&quot;imageId&quot;:&quot;69f0cbbc0529e&quot;}\" data-wp-interactive=\"core\/image\" data-wp-key=\"69f0cbbc0529e\" class=\"wp-block-image size-large wp-lightbox-container\"><img loading=\"lazy\" decoding=\"async\" width=\"1024\" height=\"683\" data-wp-class--hide=\"state.isContentHidden\" data-wp-class--show=\"state.isContentVisible\" data-wp-init=\"callbacks.setButtonStyles\" data-wp-on--click=\"actions.showLightbox\" data-wp-on--load=\"callbacks.setButtonStyles\" data-wp-on-window--resize=\"callbacks.setButtonStyles\" data-id=\"34055\" src=\"https:\/\/animicaportraits.com\/wp-content\/uploads\/2026\/04\/I-AM-WILD-Roberto-Dutesco-in-venice-encounter-with-barbara-pigazzi-photographer-13-1024x683.jpg\" alt=\"I AM WILD - Roberto Dutesco &#xE0; Venise rencontre avec la photographe Barbara Pigazzi\" class=\"wp-image-34055\" srcset=\"https:\/\/animicaportraits.com\/wp-content\/uploads\/2026\/04\/I-AM-WILD-Roberto-Dutesco-in-venice-encounter-with-barbara-pigazzi-photographer-13-1024x683.jpg 1024w, https:\/\/animicaportraits.com\/wp-content\/uploads\/2026\/04\/I-AM-WILD-Roberto-Dutesco-in-venice-encounter-with-barbara-pigazzi-photographer-13-300x200.jpg 300w, https:\/\/animicaportraits.com\/wp-content\/uploads\/2026\/04\/I-AM-WILD-Roberto-Dutesco-in-venice-encounter-with-barbara-pigazzi-photographer-13-768x512.jpg 768w, https:\/\/animicaportraits.com\/wp-content\/uploads\/2026\/04\/I-AM-WILD-Roberto-Dutesco-in-venice-encounter-with-barbara-pigazzi-photographer-13-600x400.jpg 600w, https:\/\/animicaportraits.com\/wp-content\/uploads\/2026\/04\/I-AM-WILD-Roberto-Dutesco-in-venice-encounter-with-barbara-pigazzi-photographer-13.jpg 1400w\" sizes=\"(max-width: 1024px) 100vw, 1024px\" \/><button\n\t\t\tclass=\"lightbox-trigger\"\n\t\t\ttype=\"button\"\n\t\t\taria-haspopup=\"dialog\"\n\t\t\taria-label=\"Agrandir\"\n\t\t\tdata-wp-init=\"callbacks.initTriggerButton\"\n\t\t\tdata-wp-on--click=\"actions.showLightbox\"\n\t\t\tdata-wp-style--right=\"state.imageButtonRight\"\n\t\t\tdata-wp-style--top=\"state.imageButtonTop\"\n\t\t>\n\t\t\t<svg xmlns=\"http:\/\/www.w3.org\/2000\/svg\" width=\"12\" height=\"12\" fill=\"none\" viewBox=\"0 0 12 12\">\n\t\t\t\t<path fill=\"#fff\" d=\"M2 0a2 2 0 0 0-2 2v2h1.5V2a.5.5 0 0 1 .5-.5h2V0H2Zm2 10.5H2a.5.5 0 0 1-.5-.5V8H0v2a2 2 0 0 0 2 2h2v-1.5ZM8 12v-1.5h2a.5.5 0 0 0 .5-.5V8H12v2a2 2 0 0 1-2 2H8Zm2-12a2 2 0 0 1 2 2v2h-1.5V2a.5.5 0 0 0-.5-.5H8V0h2Z\" \/>\n\t\t\t<\/svg>\n\t\t<\/button><\/figure>\n\n\n\n<figure data-wp-context=\"{&quot;imageId&quot;:&quot;69f0cbbc06702&quot;}\" data-wp-interactive=\"core\/image\" data-wp-key=\"69f0cbbc06702\" class=\"wp-block-image size-large wp-lightbox-container\"><img loading=\"lazy\" decoding=\"async\" width=\"683\" height=\"1024\" data-wp-class--hide=\"state.isContentHidden\" data-wp-class--show=\"state.isContentVisible\" data-wp-init=\"callbacks.setButtonStyles\" data-wp-on--click=\"actions.showLightbox\" data-wp-on--load=\"callbacks.setButtonStyles\" data-wp-on-window--resize=\"callbacks.setButtonStyles\" data-id=\"34052\" src=\"https:\/\/animicaportraits.com\/wp-content\/uploads\/2026\/04\/I-AM-WILD-Roberto-Dutesco-in-venice-encounter-with-barbara-pigazzi-photographer-12-683x1024.jpg\" alt=\"I AM WILD - Roberto Dutesco &#xE0; Venise rencontre avec la photographe Barbara Pigazzi\" class=\"wp-image-34052\" srcset=\"https:\/\/animicaportraits.com\/wp-content\/uploads\/2026\/04\/I-AM-WILD-Roberto-Dutesco-in-venice-encounter-with-barbara-pigazzi-photographer-12-683x1024.jpg 683w, https:\/\/animicaportraits.com\/wp-content\/uploads\/2026\/04\/I-AM-WILD-Roberto-Dutesco-in-venice-encounter-with-barbara-pigazzi-photographer-12-200x300.jpg 200w, https:\/\/animicaportraits.com\/wp-content\/uploads\/2026\/04\/I-AM-WILD-Roberto-Dutesco-in-venice-encounter-with-barbara-pigazzi-photographer-12-768x1151.jpg 768w, https:\/\/animicaportraits.com\/wp-content\/uploads\/2026\/04\/I-AM-WILD-Roberto-Dutesco-in-venice-encounter-with-barbara-pigazzi-photographer-12-300x450.jpg 300w, https:\/\/animicaportraits.com\/wp-content\/uploads\/2026\/04\/I-AM-WILD-Roberto-Dutesco-in-venice-encounter-with-barbara-pigazzi-photographer-12-600x899.jpg 600w, https:\/\/animicaportraits.com\/wp-content\/uploads\/2026\/04\/I-AM-WILD-Roberto-Dutesco-in-venice-encounter-with-barbara-pigazzi-photographer-12.jpg 934w\" sizes=\"(max-width: 683px) 100vw, 683px\" \/><button\n\t\t\tclass=\"lightbox-trigger\"\n\t\t\ttype=\"button\"\n\t\t\taria-haspopup=\"dialog\"\n\t\t\taria-label=\"Agrandir\"\n\t\t\tdata-wp-init=\"callbacks.initTriggerButton\"\n\t\t\tdata-wp-on--click=\"actions.showLightbox\"\n\t\t\tdata-wp-style--right=\"state.imageButtonRight\"\n\t\t\tdata-wp-style--top=\"state.imageButtonTop\"\n\t\t>\n\t\t\t<svg xmlns=\"http:\/\/www.w3.org\/2000\/svg\" width=\"12\" height=\"12\" fill=\"none\" viewBox=\"0 0 12 12\">\n\t\t\t\t<path fill=\"#fff\" d=\"M2 0a2 2 0 0 0-2 2v2h1.5V2a.5.5 0 0 1 .5-.5h2V0H2Zm2 10.5H2a.5.5 0 0 1-.5-.5V8H0v2a2 2 0 0 0 2 2h2v-1.5ZM8 12v-1.5h2a.5.5 0 0 0 .5-.5V8H12v2a2 2 0 0 1-2 2H8Zm2-12a2 2 0 0 1 2 2v2h-1.5V2a.5.5 0 0 0-.5-.5H8V0h2Z\" \/>\n\t\t\t<\/svg>\n\t\t<\/button><\/figure>\n\n\n\n<figure data-wp-context=\"{&quot;imageId&quot;:&quot;69f0cbbc07b71&quot;}\" data-wp-interactive=\"core\/image\" data-wp-key=\"69f0cbbc07b71\" class=\"wp-block-image size-large wp-lightbox-container\"><img loading=\"lazy\" decoding=\"async\" width=\"683\" height=\"1024\" data-wp-class--hide=\"state.isContentHidden\" data-wp-class--show=\"state.isContentVisible\" data-wp-init=\"callbacks.setButtonStyles\" data-wp-on--click=\"actions.showLightbox\" data-wp-on--load=\"callbacks.setButtonStyles\" data-wp-on-window--resize=\"callbacks.setButtonStyles\" data-id=\"34049\" src=\"https:\/\/animicaportraits.com\/wp-content\/uploads\/2026\/04\/I-AM-WILD-Roberto-Dutesco-in-venice-encounter-with-barbara-pigazzi-photographer-11-683x1024.jpg\" alt=\"I AM WILD - Roberto Dutesco &#xE0; Venise rencontre avec la photographe Barbara Pigazzi\" class=\"wp-image-34049\" srcset=\"https:\/\/animicaportraits.com\/wp-content\/uploads\/2026\/04\/I-AM-WILD-Roberto-Dutesco-in-venice-encounter-with-barbara-pigazzi-photographer-11-683x1024.jpg 683w, https:\/\/animicaportraits.com\/wp-content\/uploads\/2026\/04\/I-AM-WILD-Roberto-Dutesco-in-venice-encounter-with-barbara-pigazzi-photographer-11-200x300.jpg 200w, https:\/\/animicaportraits.com\/wp-content\/uploads\/2026\/04\/I-AM-WILD-Roberto-Dutesco-in-venice-encounter-with-barbara-pigazzi-photographer-11-768x1151.jpg 768w, https:\/\/animicaportraits.com\/wp-content\/uploads\/2026\/04\/I-AM-WILD-Roberto-Dutesco-in-venice-encounter-with-barbara-pigazzi-photographer-11-300x450.jpg 300w, https:\/\/animicaportraits.com\/wp-content\/uploads\/2026\/04\/I-AM-WILD-Roberto-Dutesco-in-venice-encounter-with-barbara-pigazzi-photographer-11-600x899.jpg 600w, https:\/\/animicaportraits.com\/wp-content\/uploads\/2026\/04\/I-AM-WILD-Roberto-Dutesco-in-venice-encounter-with-barbara-pigazzi-photographer-11.jpg 934w\" sizes=\"(max-width: 683px) 100vw, 683px\" \/><button\n\t\t\tclass=\"lightbox-trigger\"\n\t\t\ttype=\"button\"\n\t\t\taria-haspopup=\"dialog\"\n\t\t\taria-label=\"Agrandir\"\n\t\t\tdata-wp-init=\"callbacks.initTriggerButton\"\n\t\t\tdata-wp-on--click=\"actions.showLightbox\"\n\t\t\tdata-wp-style--right=\"state.imageButtonRight\"\n\t\t\tdata-wp-style--top=\"state.imageButtonTop\"\n\t\t>\n\t\t\t<svg xmlns=\"http:\/\/www.w3.org\/2000\/svg\" width=\"12\" height=\"12\" fill=\"none\" viewBox=\"0 0 12 12\">\n\t\t\t\t<path fill=\"#fff\" d=\"M2 0a2 2 0 0 0-2 2v2h1.5V2a.5.5 0 0 1 .5-.5h2V0H2Zm2 10.5H2a.5.5 0 0 1-.5-.5V8H0v2a2 2 0 0 0 2 2h2v-1.5ZM8 12v-1.5h2a.5.5 0 0 0 .5-.5V8H12v2a2 2 0 0 1-2 2H8Zm2-12a2 2 0 0 1 2 2v2h-1.5V2a.5.5 0 0 0-.5-.5H8V0h2Z\" \/>\n\t\t\t<\/svg>\n\t\t<\/button><\/figure>\n\n\n\n<figure data-wp-context=\"{&quot;imageId&quot;:&quot;69f0cbbc09049&quot;}\" data-wp-interactive=\"core\/image\" data-wp-key=\"69f0cbbc09049\" class=\"wp-block-image size-large wp-lightbox-container\"><img loading=\"lazy\" decoding=\"async\" width=\"1024\" height=\"683\" data-wp-class--hide=\"state.isContentHidden\" data-wp-class--show=\"state.isContentVisible\" data-wp-init=\"callbacks.setButtonStyles\" data-wp-on--click=\"actions.showLightbox\" data-wp-on--load=\"callbacks.setButtonStyles\" data-wp-on-window--resize=\"callbacks.setButtonStyles\" data-id=\"34076\" src=\"https:\/\/animicaportraits.com\/wp-content\/uploads\/2026\/04\/I-AM-WILD-Roberto-Dutesco-in-venice-encounter-with-barbara-pigazzi-photographer-20-1024x683.jpg\" alt=\"I AM WILD - Roberto Dutesco &#xE0; Venise rencontre avec la photographe Barbara Pigazzi\" class=\"wp-image-34076\" srcset=\"https:\/\/animicaportraits.com\/wp-content\/uploads\/2026\/04\/I-AM-WILD-Roberto-Dutesco-in-venice-encounter-with-barbara-pigazzi-photographer-20-1024x683.jpg 1024w, https:\/\/animicaportraits.com\/wp-content\/uploads\/2026\/04\/I-AM-WILD-Roberto-Dutesco-in-venice-encounter-with-barbara-pigazzi-photographer-20-300x200.jpg 300w, https:\/\/animicaportraits.com\/wp-content\/uploads\/2026\/04\/I-AM-WILD-Roberto-Dutesco-in-venice-encounter-with-barbara-pigazzi-photographer-20-768x512.jpg 768w, https:\/\/animicaportraits.com\/wp-content\/uploads\/2026\/04\/I-AM-WILD-Roberto-Dutesco-in-venice-encounter-with-barbara-pigazzi-photographer-20-600x400.jpg 600w, https:\/\/animicaportraits.com\/wp-content\/uploads\/2026\/04\/I-AM-WILD-Roberto-Dutesco-in-venice-encounter-with-barbara-pigazzi-photographer-20.jpg 1400w\" sizes=\"(max-width: 1024px) 100vw, 1024px\" \/><button\n\t\t\tclass=\"lightbox-trigger\"\n\t\t\ttype=\"button\"\n\t\t\taria-haspopup=\"dialog\"\n\t\t\taria-label=\"Agrandir\"\n\t\t\tdata-wp-init=\"callbacks.initTriggerButton\"\n\t\t\tdata-wp-on--click=\"actions.showLightbox\"\n\t\t\tdata-wp-style--right=\"state.imageButtonRight\"\n\t\t\tdata-wp-style--top=\"state.imageButtonTop\"\n\t\t>\n\t\t\t<svg xmlns=\"http:\/\/www.w3.org\/2000\/svg\" width=\"12\" height=\"12\" fill=\"none\" viewBox=\"0 0 12 12\">\n\t\t\t\t<path fill=\"#fff\" d=\"M2 0a2 2 0 0 0-2 2v2h1.5V2a.5.5 0 0 1 .5-.5h2V0H2Zm2 10.5H2a.5.5 0 0 1-.5-.5V8H0v2a2 2 0 0 0 2 2h2v-1.5ZM8 12v-1.5h2a.5.5 0 0 0 .5-.5V8H12v2a2 2 0 0 1-2 2H8Zm2-12a2 2 0 0 1 2 2v2h-1.5V2a.5.5 0 0 0-.5-.5H8V0h2Z\" \/>\n\t\t\t<\/svg>\n\t\t<\/button><\/figure>\n\n\n\n<figure data-wp-context=\"{&quot;imageId&quot;:&quot;69f0cbbc0a578&quot;}\" data-wp-interactive=\"core\/image\" data-wp-key=\"69f0cbbc0a578\" class=\"wp-block-image size-large wp-lightbox-container\"><img loading=\"lazy\" decoding=\"async\" width=\"1024\" height=\"683\" data-wp-class--hide=\"state.isContentHidden\" data-wp-class--show=\"state.isContentVisible\" data-wp-init=\"callbacks.setButtonStyles\" data-wp-on--click=\"actions.showLightbox\" data-wp-on--load=\"callbacks.setButtonStyles\" data-wp-on-window--resize=\"callbacks.setButtonStyles\" data-id=\"34073\" src=\"https:\/\/animicaportraits.com\/wp-content\/uploads\/2026\/04\/I-AM-WILD-Roberto-Dutesco-in-venice-encounter-with-barbara-pigazzi-photographer-19-1024x683.jpg\" alt=\"I AM WILD - Roberto Dutesco &#xE0; Venise rencontre avec la photographe Barbara Pigazzi\" class=\"wp-image-34073\" srcset=\"https:\/\/animicaportraits.com\/wp-content\/uploads\/2026\/04\/I-AM-WILD-Roberto-Dutesco-in-venice-encounter-with-barbara-pigazzi-photographer-19-1024x683.jpg 1024w, https:\/\/animicaportraits.com\/wp-content\/uploads\/2026\/04\/I-AM-WILD-Roberto-Dutesco-in-venice-encounter-with-barbara-pigazzi-photographer-19-300x200.jpg 300w, https:\/\/animicaportraits.com\/wp-content\/uploads\/2026\/04\/I-AM-WILD-Roberto-Dutesco-in-venice-encounter-with-barbara-pigazzi-photographer-19-768x512.jpg 768w, https:\/\/animicaportraits.com\/wp-content\/uploads\/2026\/04\/I-AM-WILD-Roberto-Dutesco-in-venice-encounter-with-barbara-pigazzi-photographer-19-600x400.jpg 600w, https:\/\/animicaportraits.com\/wp-content\/uploads\/2026\/04\/I-AM-WILD-Roberto-Dutesco-in-venice-encounter-with-barbara-pigazzi-photographer-19.jpg 1400w\" sizes=\"(max-width: 1024px) 100vw, 1024px\" \/><button\n\t\t\tclass=\"lightbox-trigger\"\n\t\t\ttype=\"button\"\n\t\t\taria-haspopup=\"dialog\"\n\t\t\taria-label=\"Agrandir\"\n\t\t\tdata-wp-init=\"callbacks.initTriggerButton\"\n\t\t\tdata-wp-on--click=\"actions.showLightbox\"\n\t\t\tdata-wp-style--right=\"state.imageButtonRight\"\n\t\t\tdata-wp-style--top=\"state.imageButtonTop\"\n\t\t>\n\t\t\t<svg xmlns=\"http:\/\/www.w3.org\/2000\/svg\" width=\"12\" height=\"12\" fill=\"none\" viewBox=\"0 0 12 12\">\n\t\t\t\t<path fill=\"#fff\" d=\"M2 0a2 2 0 0 0-2 2v2h1.5V2a.5.5 0 0 1 .5-.5h2V0H2Zm2 10.5H2a.5.5 0 0 1-.5-.5V8H0v2a2 2 0 0 0 2 2h2v-1.5ZM8 12v-1.5h2a.5.5 0 0 0 .5-.5V8H12v2a2 2 0 0 1-2 2H8Zm2-12a2 2 0 0 1 2 2v2h-1.5V2a.5.5 0 0 0-.5-.5H8V0h2Z\" \/>\n\t\t\t<\/svg>\n\t\t<\/button><\/figure>\n<\/figure>\n\n<div style=\"height:40px\" aria-hidden=\"true\" class=\"wp-block-spacer\"><\/div>\n\n<h3 class=\"wp-block-heading\"><strong>Un Pont entre deux \u00celes<\/strong><\/h3>\n\n<p><div class=\"container\">&#13;\n<div id=\"model-response-message-contentr_f87b654461c101d3\" class=\"markdown markdown-main-panel enable-updated-hr-color\" dir=\"ltr\" aria-live=\"polite\" aria-busy=\"false\">&#13;\n<p data-path-to-node=\"27\">La pr\u00e9sence de <strong>Dutesco<\/strong> \u00e0 Venise unit id\u00e9alement l&rsquo;\u00eele de Sable et la Lagune v\u00e9nitienne. Ce sont deux terres li\u00e9es par une beaut\u00e9 poignante et la fragilit\u00e9 de leurs \u00e9cosyst\u00e8mes. L&rsquo;\u00e9change avec <strong>Barbara Pigazzi<\/strong> ajoute une dimension humaine \u00e0 ce r\u00e9cit, prouvant que la photographie, avant d&rsquo;\u00eatre une technique, est une \u00e9coute de l&rsquo;autre.<\/p>&#13;\n&#13;\n<\/div><br\/><\/div><\/p>\n\n<p><\/p>\n","protected":false},"excerpt":{"rendered":"<p>Des sables lointains de Sable Island aux \u00ab\u00a0Stanze della Fotografia\u00a0\u00bb : l\u2019immersion de notre studio dans l&rsquo;univers de Dutesco et le pr\u00e9cieux \u00e9change cr\u00e9atif entre deux ma\u00eetres du portrait. L\u2019\u00eele de San Giorgio Maggiore, c\u0153ur battant de la culture photographique v\u00e9nitienne, est devenue le th\u00e9\u00e2tre d&rsquo;une rencontre extraordinaire. En tant que studio, nous avons visit\u00e9 [&hellip;]<\/p>\n","protected":false},"author":1,"featured_media":34071,"comment_status":"open","ping_status":"open","sticky":false,"template":"","format":"standard","meta":{"_acf_changed":false,"footnotes":""},"categories":[131],"tags":[865,863,861,549,864,862],"class_list":["post-34097","post","type-post","status-publish","format-standard","has-post-thumbnail","hentry","category-actualites","tag-chevaux-sauvages","tag-denis-curti","tag-i-am-wild","tag-le-stanze-della-fotografia-fr","tag-portraits","tag-roberto-dutesco"],"acf":[],"_links":{"self":[{"href":"https:\/\/animicaportraits.com\/fr\/wp-json\/wp\/v2\/posts\/34097","targetHints":{"allow":["GET"]}}],"collection":[{"href":"https:\/\/animicaportraits.com\/fr\/wp-json\/wp\/v2\/posts"}],"about":[{"href":"https:\/\/animicaportraits.com\/fr\/wp-json\/wp\/v2\/types\/post"}],"author":[{"embeddable":true,"href":"https:\/\/animicaportraits.com\/fr\/wp-json\/wp\/v2\/users\/1"}],"replies":[{"embeddable":true,"href":"https:\/\/animicaportraits.com\/fr\/wp-json\/wp\/v2\/comments?post=34097"}],"version-history":[{"count":1,"href":"https:\/\/animicaportraits.com\/fr\/wp-json\/wp\/v2\/posts\/34097\/revisions"}],"predecessor-version":[{"id":34098,"href":"https:\/\/animicaportraits.com\/fr\/wp-json\/wp\/v2\/posts\/34097\/revisions\/34098"}],"wp:featuredmedia":[{"embeddable":true,"href":"https:\/\/animicaportraits.com\/fr\/wp-json\/wp\/v2\/media\/34071"}],"wp:attachment":[{"href":"https:\/\/animicaportraits.com\/fr\/wp-json\/wp\/v2\/media?parent=34097"}],"wp:term":[{"taxonomy":"category","embeddable":true,"href":"https:\/\/animicaportraits.com\/fr\/wp-json\/wp\/v2\/categories?post=34097"},{"taxonomy":"post_tag","embeddable":true,"href":"https:\/\/animicaportraits.com\/fr\/wp-json\/wp\/v2\/tags?post=34097"}],"curies":[{"name":"wp","href":"https:\/\/api.w.org\/{rel}","templated":true}]}}